{"id":256649,"date":"2017-01-02T12:00:00","date_gmt":"2017-01-02T16:00:00","guid":{"rendered":"http:\/\/spaceweekly.com\/?guid=0ca6d4bfcba2c782d2f0979018b36c53"},"modified":"2017-01-02T12:00:00","modified_gmt":"2017-01-02T16:00:00","slug":"faites-voyager-vos-histoires-dans-lespace","status":"publish","type":"post","link":"https:\/\/spaceweekly.com\/?p=256649","title":{"rendered":"Faites voyager vos histoires dans l&#8217;espace"},"content":{"rendered":"<p>\t\t\t\t\t<img loading=\"lazy\" decoding=\"async\" src=\"http:\/\/www.esa.int\/var\/esa\/storage\/images\/esa_multimedia\/videos\/2017\/01\/faites_voyager_vos_histoires_dans_l_espace\/16588501-1-eng-GB\/Faites_voyager_vos_histoires_dans_l_espace_small.png\" width=\"170\" height=\"96\" align=\"left\" hspace=\"8\" \/><\/p>\n<p>\nL\u2019astronaute fran\u00e7ais de l\u2019Agence spatiale europ\u00e9enne (ESA) Thomas Pesquet a annonc\u00e9 le th\u00e8me du premier concours d\u2019\u00e9criture depuis la Station spatiale internationale. Le concours, en langue fran\u00e7aise, s\u2019adresse aux jeunes jusqu\u2019\u00e0 25 ans. Les textes peuvent \u00eatre soumis jusqu\u2019au 28 f\u00e9vrier 2017 et les r\u00e9sultats seront annonc\u00e9s depuis la Station spatiale internationale le 6 avril 2017.\n<\/p>\n<p>\n\u00ab&nbsp;Il y a dans le m\u00e9tier d\u2019astronaute, comme dans le m\u00e9tier de pilote, une forte composante technique. Mais il y a aussi une part de r\u00eave et de po\u00e9sie.&nbsp;\u00bb\n<\/p>\n<p>\nThomas Pesquet, a emport\u00e9 avec lui pour la mission Proxima les \u0152uvres compl\u00e8tes d\u2019Antoine de Saint-Exup\u00e9ry. Dans Le Petit Prince le h\u00e9ros d\u00e9couvre 7 plan\u00e8tes et 7 habitants, l\u2019astronaute invite les participants au concours d\u2019\u00e9criture \u00e0 imaginer une huiti\u00e8me plan\u00e8te et son habitant.&nbsp;\n<\/p>\n<p>\nIntitul\u00e9 <b>\u00ab&nbsp;Faites voyager vos histoires dans l\u2019espace&nbsp;\u00bb<\/b>, ce concours d\u2019\u00e9criture est n\u00e9 d\u2019un partenariat entre l\u2019association le Labo des histoires, la Fondation Antoine de Saint-Exup\u00e9ry pour la Jeunesse, l\u2019Agence spatiale europ\u00e9enne, la Cit\u00e9 de l\u2019espace et l\u2019Institut fran\u00e7ais. Il est plac\u00e9 sous le Haut-patronage de la Secr\u00e9taire g\u00e9n\u00e9rale de la Francophonie, Micha\u00eblle Jean.\n<\/p>\n<p>\nEnfants, adolescents et jeunes adultes jusqu\u2019\u00e0 25 ans peuvent participer \u00e0 ce concours en langue fran\u00e7aise qui &nbsp;est ouvert \u00e0 tous et comporte deux cat\u00e9gories&nbsp;: \u00ab&nbsp;France&nbsp;\u00bb et \u00ab&nbsp;International&nbsp;\u00bb. Des activit\u00e9s port\u00e9es par les partenaires du concours seront organis\u00e9es dans les prochains mois, donnant vie au concours tout en sensibilisant les jeunes \u00e9crivains \u00e0 l\u2019espace et \u00e0 l\u2019\u0153uvre d\u2019Antoine de Saint-Exup\u00e9ry.\n<\/p>\n<p>\nLes participants ont jusqu\u2019au 28 f\u00e9vrier 2017 pour imaginer, \u00e9crire et soumettre leur texte. Un jury compos\u00e9 de personnalit\u00e9s de l\u2019a\u00e9rospatiale, de l\u2019a\u00e9ronautique et de la litt\u00e9rature&nbsp;se r\u00e9unira ensuite pour s\u00e9lectionner les cinq textes laur\u00e9ats de chaque cat\u00e9gorie.&nbsp;\n<\/p>\n<p>\nThomas Pesquet d\u00e9voilera&nbsp;le 6 avril 2017, depuis la Station spatiale internationale, les extraits de ses deux \u00ab&nbsp;Grand prix&nbsp;\u00bb (cat\u00e9gorie France et cat\u00e9gorie Internationale).&nbsp;A l\u2019automne prochain, les dix laur\u00e9ats seront invit\u00e9s en Europe pour un s\u00e9jour sur le th\u00e8me de l\u2019espace et de la litt\u00e9rature.\n<\/p>\n<p>\nLien vers la plateforme du concours <a href=\"http:\/\/www.missionproxima.com\/concours-ecriture\">www.missionproxima.com\/concours-ecriture<\/a><b>&nbsp;<\/b>\n<\/p>\n<p>\n<b>Contact&nbsp;<\/b>\n<\/p>\n<p>\nAnne-Laure Coccia\n<\/p>\n<p>\n<a href=\"mailto:alcoccia@lebureaudecom.fr\">alcoccia@lebureaudecom.fr<\/a>\n<\/p>\n<p>\n01.85.09.27.11\n<\/p>\n<p>\n06.23.41.71.9<\/p>\n","protected":false},"excerpt":{"rendered":"<p><img loading=\"lazy\" decoding=\"async\" src=\"http:\/\/www.esa.int\/var\/esa\/storage\/images\/esa_multimedia\/videos\/2017\/01\/faites_voyager_vos_histoires_dans_l_espace\/16588501-1-eng-GB\/Faites_voyager_vos_histoires_dans_l_espace_small.png\" width=\"170\" height=\"96\" align=\"left\" hspace=\"8\"><\/p>\n<p>\nL&rsquo;astronaute fran&ccedil;ais de l&rsquo;Agence spatiale europ&eacute;enne (ESA) Thomas Pesquet a annonc&eacute; le th&egrave;me du premier concours d&rsquo;&eacute;criture depuis la Station spatiale internationale. Le concours, en langue fran&ccedil;aise, s&rsquo;adresse aux jeunes jusqu&rsquo;&agrave; 25 ans. Les textes peuvent &ecirc;tre soumis jusqu&rsquo;au 28 f&eacute;vrier 2017 et les r&eacute;sultats seront annonc&eacute;s depuis la Station spatiale internationale le 6 avril 2017.\n<\/p>\n<p>\n&laquo;&nbsp;Il y a dans le m&eacute;tier d&rsquo;astronaute, comme dans le m&eacute;tier de pilote, une forte composante technique. Mais il y a aussi une part de r&ecirc;ve et de po&eacute;sie.&nbsp;&raquo;\n<\/p>\n<p>\nThomas Pesquet, a emport&eacute; avec lui pour la mission Proxima les &OElig;uvres compl&egrave;tes d&rsquo;Antoine de Saint-Exup&eacute;ry. Dans Le Petit Prince le h&eacute;ros d&eacute;couvre 7 plan&egrave;tes et 7 habitants, l&rsquo;astronaute invite les participants au concours d&rsquo;&eacute;criture &agrave; imaginer une huiti&egrave;me plan&egrave;te et son habitant.&nbsp;\n<\/p>\n<p>\nIntitul&eacute; <b>&laquo;&nbsp;Faites voyager vos histoires dans l&rsquo;espace&nbsp;&raquo;<\/b>, ce concours d&rsquo;&eacute;criture est n&eacute; d&rsquo;un partenariat entre l&rsquo;association le Labo des histoires, la Fondation Antoine de Saint-Exup&eacute;ry pour la Jeunesse, l&rsquo;Agence spatiale europ&eacute;enne, la Cit&eacute; de l&rsquo;espace et l&rsquo;Institut fran&ccedil;ais. Il est plac&eacute; sous le Haut-patronage de la Secr&eacute;taire g&eacute;n&eacute;rale de la Francophonie, Micha&euml;lle Jean.\n<\/p>\n<p>\nEnfants, adolescents et jeunes adultes jusqu&rsquo;&agrave; 25 ans peuvent participer &agrave; ce concours en langue fran&ccedil;aise qui &nbsp;est ouvert &agrave; tous et comporte deux cat&eacute;gories&nbsp;: &laquo;&nbsp;France&nbsp;&raquo; et &laquo;&nbsp;International&nbsp;&raquo;. Des activit&eacute;s port&eacute;es par les partenaires du concours seront organis&eacute;es dans les prochains mois, donnant vie au concours tout en sensibilisant les jeunes &eacute;crivains &agrave; l&rsquo;espace et &agrave; l&rsquo;&oelig;uvre d&rsquo;Antoine de Saint-Exup&eacute;ry.\n<\/p>\n<p>\nLes participants ont jusqu&rsquo;au 28 f&eacute;vrier 2017 pour imaginer, &eacute;crire et soumettre leur texte. Un jury compos&eacute; de personnalit&eacute;s de l&rsquo;a&eacute;rospatiale, de l&rsquo;a&eacute;ronautique et de la litt&eacute;rature&nbsp;se r&eacute;unira ensuite pour s&eacute;lectionner les cinq textes laur&eacute;ats de chaque cat&eacute;gorie.&nbsp;\n<\/p>\n<p>\nThomas Pesquet d&eacute;voilera&nbsp;le 6 avril 2017, depuis la Station spatiale internationale, les extraits de ses deux &laquo;&nbsp;Grand prix&nbsp;&raquo; (cat&eacute;gorie France et cat&eacute;gorie Internationale).&nbsp;A l&rsquo;automne prochain, les dix laur&eacute;ats seront invit&eacute;s en Europe pour un s&eacute;jour sur le th&egrave;me de l&rsquo;espace et de la litt&eacute;rature.\n<\/p>\n<p>\nLien vers la plateforme du concours <a href=\"http:\/\/www.missionproxima.com\/concours-ecriture\">www.missionproxima.com\/concours-ecriture<\/a><b>&nbsp;<\/b>\n<\/p>\n<p>\n<b>Contact&nbsp;<\/b>\n<\/p>\n<p>\nAnne-Laure Coccia\n<\/p>\n<p>\n<a href=\"mailto:alcoccia@lebureaudecom.fr\">alcoccia@lebureaudecom.fr<\/a>\n<\/p>\n<p>\n01.85.09.27.11\n<\/p>\n<p>\n06.23.41.71.9<\/p>\n","protected":false},"author":5,"featured_media":615444,"comment_status":"closed","ping_status":"open","sticky":false,"template":"","format":"standard","meta":{"footnotes":""},"categories":[27],"tags":[],"class_list":["post-256649","post","type-post","status-publish","format-standard","has-post-thumbnail","hentry","category-multimedia"],"_links":{"self":[{"href":"https:\/\/spaceweekly.com\/index.php?rest_route=\/wp\/v2\/posts\/256649","targetHints":{"allow":["GET"]}}],"collection":[{"href":"https:\/\/spaceweekly.com\/index.php?rest_route=\/wp\/v2\/posts"}],"about":[{"href":"https:\/\/spaceweekly.com\/index.php?rest_route=\/wp\/v2\/types\/post"}],"author":[{"embeddable":true,"href":"https:\/\/spaceweekly.com\/index.php?rest_route=\/wp\/v2\/users\/5"}],"replies":[{"embeddable":true,"href":"https:\/\/spaceweekly.com\/index.php?rest_route=%2Fwp%2Fv2%2Fcomments&post=256649"}],"version-history":[{"count":1,"href":"https:\/\/spaceweekly.com\/index.php?rest_route=\/wp\/v2\/posts\/256649\/revisions"}],"predecessor-version":[{"id":256650,"href":"https:\/\/spaceweekly.com\/index.php?rest_route=\/wp\/v2\/posts\/256649\/revisions\/256650"}],"wp:featuredmedia":[{"embeddable":true,"href":"https:\/\/spaceweekly.com\/index.php?rest_route=\/wp\/v2\/media\/615444"}],"wp:attachment":[{"href":"https:\/\/spaceweekly.com\/index.php?rest_route=%2Fwp%2Fv2%2Fmedia&parent=256649"}],"wp:term":[{"taxonomy":"category","embeddable":true,"href":"https:\/\/spaceweekly.com\/index.php?rest_route=%2Fwp%2Fv2%2Fcategories&post=256649"},{"taxonomy":"post_tag","embeddable":true,"href":"https:\/\/spaceweekly.com\/index.php?rest_route=%2Fwp%2Fv2%2Ftags&post=256649"}],"curies":[{"name":"wp","href":"https:\/\/api.w.org\/{rel}","templated":true}]}}