{"id":287366,"date":"2017-03-15T08:52:42","date_gmt":"2017-03-15T12:52:42","guid":{"rendered":"http:\/\/spaceweekly.com\/?guid=df68438d87c58f92afff337653a8de1b"},"modified":"2017-03-15T08:52:42","modified_gmt":"2017-03-15T12:52:42","slug":"meridional-wind-on-venus-was-detected-for-the-first-time-in-both-hemispheres","status":"publish","type":"post","link":"https:\/\/spaceweekly.com\/?p=287366","title":{"rendered":"Meridional wind on Venus was detected for the first time in both hemispheres"},"content":{"rendered":"<p>The first scientific evidence on Venus of a wind circulation between the equator and the poles, also named meridional wind, was gathered by an international team led by Pedro Machado, of the Instituto de Astrof\u00edsica e Ci\u00eancias do Espa\u00e7o (IA) and Faculdade de Ci\u00eancias da Universidade de Lisboa (FCUL). This result was published today in the scientific journal Icarus, a reference publication in the field of Solar System research.<\/p>\n","protected":false},"excerpt":{"rendered":"<p>The first scientific evidence on Venus of a wind circulation between the equator and the poles, also named meridional wind, was gathered by an international team led by Pedro Machado, of the Instituto de Astrof&iacute;sica e Ci&ecirc;ncias do Espa&ccedil;o (IA) and Faculdade de Ci&ecirc;ncias da Universidade de Lisboa (FCUL). This result was published today in the scientific journal Icarus, a reference publication in the field of Solar System research.<\/p>\n","protected":false},"author":0,"featured_media":615444,"comment_status":"closed","ping_status":"open","sticky":false,"template":"","format":"standard","meta":{"footnotes":""},"categories":[],"tags":[],"class_list":["post-287366","post","type-post","status-publish","format-standard","has-post-thumbnail","hentry"],"_links":{"self":[{"href":"https:\/\/spaceweekly.com\/index.php?rest_route=\/wp\/v2\/posts\/287366","targetHints":{"allow":["GET"]}}],"collection":[{"href":"https:\/\/spaceweekly.com\/index.php?rest_route=\/wp\/v2\/posts"}],"about":[{"href":"https:\/\/spaceweekly.com\/index.php?rest_route=\/wp\/v2\/types\/post"}],"replies":[{"embeddable":true,"href":"https:\/\/spaceweekly.com\/index.php?rest_route=%2Fwp%2Fv2%2Fcomments&post=287366"}],"version-history":[{"count":1,"href":"https:\/\/spaceweekly.com\/index.php?rest_route=\/wp\/v2\/posts\/287366\/revisions"}],"predecessor-version":[{"id":287367,"href":"https:\/\/spaceweekly.com\/index.php?rest_route=\/wp\/v2\/posts\/287366\/revisions\/287367"}],"wp:featuredmedia":[{"embeddable":true,"href":"https:\/\/spaceweekly.com\/index.php?rest_route=\/wp\/v2\/media\/615444"}],"wp:attachment":[{"href":"https:\/\/spaceweekly.com\/index.php?rest_route=%2Fwp%2Fv2%2Fmedia&parent=287366"}],"wp:term":[{"taxonomy":"category","embeddable":true,"href":"https:\/\/spaceweekly.com\/index.php?rest_route=%2Fwp%2Fv2%2Fcategories&post=287366"},{"taxonomy":"post_tag","embeddable":true,"href":"https:\/\/spaceweekly.com\/index.php?rest_route=%2Fwp%2Fv2%2Ftags&post=287366"}],"curies":[{"name":"wp","href":"https:\/\/api.w.org\/{rel}","templated":true}]}}