{"id":29566,"date":"2010-05-20T18:00:00","date_gmt":"2010-05-20T22:00:00","guid":{"rendered":"http:\/\/www.eutelsat.com\/news\/compress\/en\/2010\/pdf\/PR 2410 TSF.pdf"},"modified":"2010-05-20T18:00:00","modified_gmt":"2010-05-20T22:00:00","slug":"eutelsat-renews-partnership-with-telecoms-sans-frontieres","status":"publish","type":"post","link":"https:\/\/spaceweekly.com\/?p=29566","title":{"rendered":"EUTELSAT RENEWS PARTNERSHIP WITH TELECOMS SANS FRONTIERES"},"content":{"rendered":"<p>Eutelsat Communications (Euronext Paris: ETL), one of the world\u2019s leading satellite operators, today renewed its partnership with T\u00e9l\u00e9coms Sans Fronti\u00e8res (TSF) to support the organisation\u2019s humanitarian aid operations throughout the world. The renewal of the partnership, first concluded in 2007, was signed by Michel de Rosen, Eutelsat CEO and Jean-Francois Cazenave, President of T\u00e9l\u00e9coms Sans Fronti\u00e8res.<\/p>\n","protected":false},"excerpt":{"rendered":"<p>Eutelsat Communications (Euronext Paris: ETL), one of the world\u2019s leading satellite operators, today renewed its partnership with T\u00e9l\u00e9coms Sans Fronti\u00e8res (TSF) to support the organisation\u2019s humanitarian aid operations throughout the world. The renewal of the partnership, first concluded in 2007, was signed by Michel de Rosen, Eutelsat CEO and Jean-Francois Cazenave, President of T\u00e9l\u00e9coms Sans Fronti\u00e8res.<\/p>\n","protected":false},"author":21,"featured_media":615444,"comment_status":"closed","ping_status":"open","sticky":false,"template":"","format":"standard","meta":{"footnotes":""},"categories":[11],"tags":[],"class_list":["post-29566","post","type-post","status-publish","format-standard","has-post-thumbnail","hentry","category-Eutelsat"],"_links":{"self":[{"href":"https:\/\/spaceweekly.com\/index.php?rest_route=\/wp\/v2\/posts\/29566","targetHints":{"allow":["GET"]}}],"collection":[{"href":"https:\/\/spaceweekly.com\/index.php?rest_route=\/wp\/v2\/posts"}],"about":[{"href":"https:\/\/spaceweekly.com\/index.php?rest_route=\/wp\/v2\/types\/post"}],"author":[{"embeddable":true,"href":"https:\/\/spaceweekly.com\/index.php?rest_route=\/wp\/v2\/users\/21"}],"replies":[{"embeddable":true,"href":"https:\/\/spaceweekly.com\/index.php?rest_route=%2Fwp%2Fv2%2Fcomments&post=29566"}],"version-history":[{"count":0,"href":"https:\/\/spaceweekly.com\/index.php?rest_route=\/wp\/v2\/posts\/29566\/revisions"}],"wp:featuredmedia":[{"embeddable":true,"href":"https:\/\/spaceweekly.com\/index.php?rest_route=\/wp\/v2\/media\/615444"}],"wp:attachment":[{"href":"https:\/\/spaceweekly.com\/index.php?rest_route=%2Fwp%2Fv2%2Fmedia&parent=29566"}],"wp:term":[{"taxonomy":"category","embeddable":true,"href":"https:\/\/spaceweekly.com\/index.php?rest_route=%2Fwp%2Fv2%2Fcategories&post=29566"},{"taxonomy":"post_tag","embeddable":true,"href":"https:\/\/spaceweekly.com\/index.php?rest_route=%2Fwp%2Fv2%2Ftags&post=29566"}],"curies":[{"name":"wp","href":"https:\/\/api.w.org\/{rel}","templated":true}]}}