{"id":369519,"date":"2017-09-06T14:00:01","date_gmt":"2017-09-06T18:00:01","guid":{"rendered":"https:\/\/spaceweekly.com\/?guid=97024c0547cf4fe16f25d150e003a93b"},"modified":"2017-09-06T14:00:01","modified_gmt":"2017-09-06T18:00:01","slug":"people-synchronize-their-walking-gaits-when-carrying-a-stretcher-like-object-together-2","status":"publish","type":"post","link":"https:\/\/spaceweekly.com\/?p=369519","title":{"rendered":"People synchronize their walking gaits when carrying a stretcher-like object together"},"content":{"rendered":"<p>When two people walk one in front of the other while carrying a stretcher-like object, they typically synchronize their gaits, according to a study published September 6, 2017 in the open-access journal PLOS ONE by Jessica Lanini from \u00c9cole Polytechnique F\u00e9d\u00e9rale de Lausanne, Switzerland, and colleagues.<\/p>\n","protected":false},"excerpt":{"rendered":"<p>When two people walk one in front of the other while carrying a stretcher-like object, they typically synchronize their gaits, according to a study published September 6, 2017 in the open-access journal PLOS ONE by Jessica Lanini from &Eacute;cole Polytechnique F&eacute;d&eacute;rale de Lausanne, Switzerland, and colleagues.<\/p>\n","protected":false},"author":0,"featured_media":615444,"comment_status":"closed","ping_status":"open","sticky":false,"template":"","format":"standard","meta":{"footnotes":""},"categories":[],"tags":[],"class_list":["post-369519","post","type-post","status-publish","format-standard","has-post-thumbnail","hentry"],"_links":{"self":[{"href":"https:\/\/spaceweekly.com\/index.php?rest_route=\/wp\/v2\/posts\/369519","targetHints":{"allow":["GET"]}}],"collection":[{"href":"https:\/\/spaceweekly.com\/index.php?rest_route=\/wp\/v2\/posts"}],"about":[{"href":"https:\/\/spaceweekly.com\/index.php?rest_route=\/wp\/v2\/types\/post"}],"replies":[{"embeddable":true,"href":"https:\/\/spaceweekly.com\/index.php?rest_route=%2Fwp%2Fv2%2Fcomments&post=369519"}],"version-history":[{"count":1,"href":"https:\/\/spaceweekly.com\/index.php?rest_route=\/wp\/v2\/posts\/369519\/revisions"}],"predecessor-version":[{"id":369520,"href":"https:\/\/spaceweekly.com\/index.php?rest_route=\/wp\/v2\/posts\/369519\/revisions\/369520"}],"wp:featuredmedia":[{"embeddable":true,"href":"https:\/\/spaceweekly.com\/index.php?rest_route=\/wp\/v2\/media\/615444"}],"wp:attachment":[{"href":"https:\/\/spaceweekly.com\/index.php?rest_route=%2Fwp%2Fv2%2Fmedia&parent=369519"}],"wp:term":[{"taxonomy":"category","embeddable":true,"href":"https:\/\/spaceweekly.com\/index.php?rest_route=%2Fwp%2Fv2%2Fcategories&post=369519"},{"taxonomy":"post_tag","embeddable":true,"href":"https:\/\/spaceweekly.com\/index.php?rest_route=%2Fwp%2Fv2%2Ftags&post=369519"}],"curies":[{"name":"wp","href":"https:\/\/api.w.org\/{rel}","templated":true}]}}