{"id":373028,"date":"2017-09-14T02:36:07","date_gmt":"2017-09-14T06:36:07","guid":{"rendered":"http:\/\/spaceweekly.com\/?guid=c8b2a04041e9430b90a8b525101309ad"},"modified":"2017-09-14T02:36:07","modified_gmt":"2017-09-14T06:36:07","slug":"forest-fires-are-not-limited-to-hot-or-temperate-climates","status":"publish","type":"post","link":"https:\/\/spaceweekly.com\/?p=373028","title":{"rendered":"Forest fires are not limited to hot or temperate climates"},"content":{"rendered":"<p>Forest fires and wildland fires are common in summer in the temperate boreal forest, rarer at high altitudes, and unheard of in an ice age at high altitudes &#8211; until now. Evidence of wildfires dating back 20,000 years was recently discovered in the Massif du Queyras, in the heart of the French Alps, 2,240 metres above sea level. The news comes in a joint Canada-France study published in New Phytologist and co-authored by Olivier Blarquez, a geography professor at Universit\u00e9 de Montr\u00e9al, and Christopher Carcaillet, a professor at the \u00c9cole Pratique des Hautes \u00c9tudes, in Paris, and at the Laboratoire d&#8217;\u00e9cologie des hydrosyst\u00e8mes naturels et anthropis\u00e9s (CNRS\/Universit\u00e9 Lyon 1\/ENTPE).<\/p>\n","protected":false},"excerpt":{"rendered":"<p>Forest fires and wildland fires are common in summer in the temperate boreal forest, rarer at high altitudes, and unheard of in an ice age at high altitudes &#8211; until now. Evidence of wildfires dating back 20,000 years was recently discovered in the Massif du Queyras, in the heart of the French Alps, 2,240 metres above sea level. The news comes in a joint Canada-France study published in New Phytologist and co-authored by Olivier Blarquez, a geography professor at Universit&eacute; de Montr&eacute;al, and Christopher Carcaillet, a professor at the &Eacute;cole Pratique des Hautes &Eacute;tudes, in Paris, and at the Laboratoire d&#8217;&eacute;cologie des hydrosyst&egrave;mes naturels et anthropis&eacute;s (CNRS\/Universit&eacute; Lyon 1\/ENTPE).<\/p>\n","protected":false},"author":0,"featured_media":615444,"comment_status":"closed","ping_status":"open","sticky":false,"template":"","format":"standard","meta":{"footnotes":""},"categories":[],"tags":[],"class_list":["post-373028","post","type-post","status-publish","format-standard","has-post-thumbnail","hentry"],"_links":{"self":[{"href":"https:\/\/spaceweekly.com\/index.php?rest_route=\/wp\/v2\/posts\/373028","targetHints":{"allow":["GET"]}}],"collection":[{"href":"https:\/\/spaceweekly.com\/index.php?rest_route=\/wp\/v2\/posts"}],"about":[{"href":"https:\/\/spaceweekly.com\/index.php?rest_route=\/wp\/v2\/types\/post"}],"replies":[{"embeddable":true,"href":"https:\/\/spaceweekly.com\/index.php?rest_route=%2Fwp%2Fv2%2Fcomments&post=373028"}],"version-history":[{"count":1,"href":"https:\/\/spaceweekly.com\/index.php?rest_route=\/wp\/v2\/posts\/373028\/revisions"}],"predecessor-version":[{"id":373029,"href":"https:\/\/spaceweekly.com\/index.php?rest_route=\/wp\/v2\/posts\/373028\/revisions\/373029"}],"wp:featuredmedia":[{"embeddable":true,"href":"https:\/\/spaceweekly.com\/index.php?rest_route=\/wp\/v2\/media\/615444"}],"wp:attachment":[{"href":"https:\/\/spaceweekly.com\/index.php?rest_route=%2Fwp%2Fv2%2Fmedia&parent=373028"}],"wp:term":[{"taxonomy":"category","embeddable":true,"href":"https:\/\/spaceweekly.com\/index.php?rest_route=%2Fwp%2Fv2%2Fcategories&post=373028"},{"taxonomy":"post_tag","embeddable":true,"href":"https:\/\/spaceweekly.com\/index.php?rest_route=%2Fwp%2Fv2%2Ftags&post=373028"}],"curies":[{"name":"wp","href":"https:\/\/api.w.org\/{rel}","templated":true}]}}