{"id":554214,"date":"2018-12-07T09:02:17","date_gmt":"2018-12-07T13:02:17","guid":{"rendered":"http:\/\/spaceweekly.com\/?guid=03616b355f5e99c867a4f0002838109e"},"modified":"2018-12-07T09:02:17","modified_gmt":"2018-12-07T13:02:17","slug":"how-ice-particles-promote-the-formation-of-radicals","status":"publish","type":"post","link":"https:\/\/spaceweekly.com\/?p=554214","title":{"rendered":"How ice particles promote the formation of radicals"},"content":{"rendered":"<p>The production of chlorofluorocarbons, which damage the ozone layer, has been banned as far as possible. However, other substances can also tear holes in the ozone layer in combination with ice particles, such as those found in clouds. Researchers at Ruhr-Universit\u00e4t Bochum, the University of Duisburg-Essen and Friedrich-Alexander-Universit\u00e4t Erlangen-N\u00fcrnberg have discovered a possible mechanism for this. They describe it in the journal Physical Review Letters on 13 November 2018.<\/p>\n","protected":false},"excerpt":{"rendered":"<p>The production of chlorofluorocarbons, which damage the ozone layer, has been banned as far as possible. However, other substances can also tear holes in the ozone layer in combination with ice particles, such as those found in clouds. Researchers at Ruhr-Universit&auml;t Bochum, the University of Duisburg-Essen and Friedrich-Alexander-Universit&auml;t Erlangen-N&uuml;rnberg have discovered a possible mechanism for this. They describe it in the journal Physical Review Letters on 13 November 2018.<\/p>\n","protected":false},"author":0,"featured_media":615444,"comment_status":"closed","ping_status":"open","sticky":false,"template":"","format":"standard","meta":{"footnotes":""},"categories":[],"tags":[],"class_list":["post-554214","post","type-post","status-publish","format-standard","has-post-thumbnail","hentry"],"_links":{"self":[{"href":"https:\/\/spaceweekly.com\/index.php?rest_route=\/wp\/v2\/posts\/554214","targetHints":{"allow":["GET"]}}],"collection":[{"href":"https:\/\/spaceweekly.com\/index.php?rest_route=\/wp\/v2\/posts"}],"about":[{"href":"https:\/\/spaceweekly.com\/index.php?rest_route=\/wp\/v2\/types\/post"}],"replies":[{"embeddable":true,"href":"https:\/\/spaceweekly.com\/index.php?rest_route=%2Fwp%2Fv2%2Fcomments&post=554214"}],"version-history":[{"count":1,"href":"https:\/\/spaceweekly.com\/index.php?rest_route=\/wp\/v2\/posts\/554214\/revisions"}],"predecessor-version":[{"id":554215,"href":"https:\/\/spaceweekly.com\/index.php?rest_route=\/wp\/v2\/posts\/554214\/revisions\/554215"}],"wp:featuredmedia":[{"embeddable":true,"href":"https:\/\/spaceweekly.com\/index.php?rest_route=\/wp\/v2\/media\/615444"}],"wp:attachment":[{"href":"https:\/\/spaceweekly.com\/index.php?rest_route=%2Fwp%2Fv2%2Fmedia&parent=554214"}],"wp:term":[{"taxonomy":"category","embeddable":true,"href":"https:\/\/spaceweekly.com\/index.php?rest_route=%2Fwp%2Fv2%2Fcategories&post=554214"},{"taxonomy":"post_tag","embeddable":true,"href":"https:\/\/spaceweekly.com\/index.php?rest_route=%2Fwp%2Fv2%2Ftags&post=554214"}],"curies":[{"name":"wp","href":"https:\/\/api.w.org\/{rel}","templated":true}]}}