{"id":581876,"date":"2019-02-20T11:55:08","date_gmt":"2019-02-20T15:55:08","guid":{"rendered":"http:\/\/spaceweekly.com\/?guid=873cd4070cfb7da87299f3e1d40300e1"},"modified":"2019-02-20T11:55:08","modified_gmt":"2019-02-20T15:55:08","slug":"first-evidence-for-an-unusual-congenital-pathology-in-cave-bears-2","status":"publish","type":"post","link":"https:\/\/spaceweekly.com\/?p=581876","title":{"rendered":"First evidence for an unusual congenital pathology in cave bears"},"content":{"rendered":"<p>Scientists from the Centro Nacional de Investigaci\u00f3n sobre la Evoluci\u00f3n Humana (CENIEH) have published a paper in the International Journal of Paleopathology that describes the first case of a congenital pathology in vertebrae of a cave bear (Ursus spelaeus). The findings were based on a specimen recovered in the 2014 excavation campaign in the archaeological and paleontological site of Cueva de Guantes, in Santib\u00e1\u00f1ez de la Pe\u00f1a (Palencia).<\/p>\n","protected":false},"excerpt":{"rendered":"<p>Scientists from the Centro Nacional de Investigaci&oacute;n sobre la Evoluci&oacute;n Humana (CENIEH) have published a paper in the International Journal of Paleopathology that describes the first case of a congenital pathology in vertebrae of a cave bear (Ursus spelaeus). The findings were based on a specimen recovered in the 2014 excavation campaign in the archaeological and paleontological site of Cueva de Guantes, in Santib&aacute;&ntilde;ez de la Pe&ntilde;a (Palencia).<\/p>\n","protected":false},"author":0,"featured_media":615444,"comment_status":"closed","ping_status":"open","sticky":false,"template":"","format":"standard","meta":{"footnotes":""},"categories":[],"tags":[],"class_list":["post-581876","post","type-post","status-publish","format-standard","has-post-thumbnail","hentry"],"_links":{"self":[{"href":"https:\/\/spaceweekly.com\/index.php?rest_route=\/wp\/v2\/posts\/581876","targetHints":{"allow":["GET"]}}],"collection":[{"href":"https:\/\/spaceweekly.com\/index.php?rest_route=\/wp\/v2\/posts"}],"about":[{"href":"https:\/\/spaceweekly.com\/index.php?rest_route=\/wp\/v2\/types\/post"}],"replies":[{"embeddable":true,"href":"https:\/\/spaceweekly.com\/index.php?rest_route=%2Fwp%2Fv2%2Fcomments&post=581876"}],"version-history":[{"count":1,"href":"https:\/\/spaceweekly.com\/index.php?rest_route=\/wp\/v2\/posts\/581876\/revisions"}],"predecessor-version":[{"id":581877,"href":"https:\/\/spaceweekly.com\/index.php?rest_route=\/wp\/v2\/posts\/581876\/revisions\/581877"}],"wp:featuredmedia":[{"embeddable":true,"href":"https:\/\/spaceweekly.com\/index.php?rest_route=\/wp\/v2\/media\/615444"}],"wp:attachment":[{"href":"https:\/\/spaceweekly.com\/index.php?rest_route=%2Fwp%2Fv2%2Fmedia&parent=581876"}],"wp:term":[{"taxonomy":"category","embeddable":true,"href":"https:\/\/spaceweekly.com\/index.php?rest_route=%2Fwp%2Fv2%2Fcategories&post=581876"},{"taxonomy":"post_tag","embeddable":true,"href":"https:\/\/spaceweekly.com\/index.php?rest_route=%2Fwp%2Fv2%2Ftags&post=581876"}],"curies":[{"name":"wp","href":"https:\/\/api.w.org\/{rel}","templated":true}]}}