{"id":582513,"date":"2019-02-18T11:00:00","date_gmt":"2019-02-18T15:00:00","guid":{"rendered":"http:\/\/spaceweekly.com\/?guid=1f5712072a641c077975c1ebd7bc87f2"},"modified":"2019-02-18T11:00:00","modified_gmt":"2019-02-18T15:00:00","slug":"paxi-explores-the-moon","status":"publish","type":"post","link":"https:\/\/spaceweekly.com\/?p=582513","title":{"rendered":"Paxi explores the Moon!"},"content":{"rendered":"<p>\t\t\t\t\t<img loading=\"lazy\" decoding=\"async\" src=\"http:\/\/www.esa.int\/var\/esa\/storage\/images\/esa_multimedia\/videos\/2019\/02\/paxi_explores_the_moon\/19243866-3-eng-GB\/Paxi_explores_the_Moon_small.jpg\" width=\"170\" height=\"96\" align=\"left\" hspace=\"8\" \/><\/p>\n<p><b>English<\/b> Paxi explores the Moon!<br \/>Join Paxi on a trip to the Moon. In this video, targeted at children aged between 6 and 12 years, Paxi explores what humans need to live on the Moon.\n<\/p>\n<p><b>French<\/b> Paxi explore la Lune !<br \/>Rejoignez Paxi pour un voyage vers la Lune. Dans cette vid\u00e9o, destin\u00e9e aux enfants de 6 \u00e0 12 ans, Paxi \u00e9tudie ce dont nous avons besoin pour vivre sur la Lune.\n<\/p>\n<p><b>German<\/b> Paxi erkundet den Mond!<br \/>Seid mit dabei, wenn Paxi zum Mond reist. In diesem Video f\u00fcr Kinder zwischen 6 und 12 Jahren erforscht Paxi, was der Mensch auf dem Mond zum \u00dcberleben braucht.\n<\/p>\n<p><b>Italian<\/b> Paxi esplora la Luna!<br \/>Accompagna Paxi nel suo viaggio verso la Luna. In questo video, pensato per bambini di et\u00e0 da 6 a 12 anni, Paxi esamina cosa servir\u00e0 agli esseri umani per vivere sulla Luna.\n<\/p>\n<p><b>Spanish<\/b> \u00a1Paxi explora la Luna!<br \/>Acompa\u00f1a a Paxi en un viaje a la Luna. En este v\u00eddeo, dirigido a ni\u00f1os de entre 6 y 12 a\u00f1os, Paxi investiga qu\u00e9 necesitar\u00edan los seres humanos para vivir en la Luna.\n<\/p>\n<p><b>Portuguese<\/b> Paxi explora a Lua!<br \/>Junta-te ao Paxi numa viagem \u00e0 Lua. Neste v\u00eddeo, destinado a crian\u00e7as dos 6 aos 12 anos de idade, o Paxi explora o que os seres humanos precisam para poderem viver na Lua.\n<\/p>\n<p><b>Danish<\/b> Paxi udforsker M\u00e5nen!<br \/>Tag til M\u00e5nen med Paxi. I denne video, som er beregnet til b\u00f8rn mellem 6 og 12 \u00e5r, unders\u00f8ger Paxi, hvad mennesker skal bruge for at kunne leve p\u00e5 M\u00e5nen.\n<\/p>\n<p><b>Dutch<\/b> Paxi gaat op ontdekkingsreis naar de maan!<br \/>Ga je mee met Paxi naar de maan? In deze video, bestemd voor kinderen van 6 &#8211; 12 jaar, onderzoekt Paxi wat mensen nodig hebben om op de maan te leven.\n<\/p>\n<p><b>Swedish<\/b> Paxi utforskar m\u00e5nen!<br \/>F\u00f6lj med Paxi p\u00e5 en resa till m\u00e5nen. I den h\u00e4r videon, f\u00f6r barn fr\u00e5n 6 till 12 \u00e5r, utforskar Paxi vad vi m\u00e4nniskor beh\u00f6ver f\u00f6r att leva p\u00e5 m\u00e5nen.\n<\/p>\n<p><b>Norwegian<\/b> Paxi utforsker m\u00e5nen!<br \/>Bli med Paxi p\u00e5 en tur til m\u00e5nen. I denne videoen, som er beregnet p\u00e5 barn mellom 6\u201312 \u00e5r, ser Paxi n\u00e6rmere p\u00e5 hva menneskene trenger for \u00e5 kunne leve p\u00e5 m\u00e5nen.\n<\/p>\n<p><b>Polish<\/b> Paxi bada Ksi\u0119\u017cyc!<br \/>Wybierz si\u0119 razem z Paxim na wycieczk\u0119 na Ksi\u0119\u017cyc. W tym filmie, przeznaczonym dla dzieci w wieku od 6 do 12 lat, Paxi bada, czego ludzie potrzebuj\u0105, aby \u017cy\u0107 na Ksi\u0119\u017cycu.\n<\/p>\n<p><b>Czech<\/b> Paxi prozkoum\u00e1v\u00e1 M\u011bs\u00edc!<br \/>P\u0159idejte se k Paximu na jeho cest\u011b na M\u011bs\u00edc. V tomto videu, ur\u010den\u00e9m pro d\u011bti mezi 6 a 12 lety, Paxi zji\u0161\u0165uje, co lid\u00e9 pot\u0159ebuj\u00ed k \u017eivotu na M\u011bs\u00edci.\n<\/p>\n<p><b>Finnish<\/b> Paxi tutustuu Kuuhun!<br \/>L\u00e4hde Paxin mukaan kuumatkalle. T\u00e4ss\u00e4 6\u201312-vuotiaille tarkoitetussa videossa Paxi selvitt\u00e4\u00e4, mit\u00e4 ihmiset tarvitsevat asuakseen Kuussa.\n<\/p>\n<p><b>Romanian<\/b> Paxi exploreaz\u0103 luna!<br \/>Al\u0103tura\u021bi-v\u0103 lui Paxi \u00eentr-o excursie pe lun\u0103. \u00cen acest videoclip, destinat copiilor cu v\u00e2rste cuprinse \u00eentre 6 \u0219i 12 ani, Paxi exploreaz\u0103 cele necesare oamenilor ca s\u0103 tr\u0103iasc\u0103 pe lun\u0103.<\/p>\n","protected":false},"excerpt":{"rendered":"<p><img loading=\"lazy\" decoding=\"async\" src=\"http:\/\/www.esa.int\/var\/esa\/storage\/images\/esa_multimedia\/videos\/2019\/02\/paxi_explores_the_moon\/19243866-3-eng-GB\/Paxi_explores_the_Moon_small.jpg\" width=\"170\" height=\"96\" align=\"left\" hspace=\"8\"><\/p>\n<p><b>English<\/b> Paxi explores the Moon!<br \/>Join Paxi on a trip to the Moon. In this video, targeted at children aged between 6 and 12 years, Paxi explores what humans need to live on the Moon.\n<\/p>\n<p><b>French<\/b> Paxi explore la Lune !<br \/>Rejoignez Paxi pour un voyage vers la Lune. Dans cette vid&eacute;o, destin&eacute;e aux enfants de 6 &agrave; 12 ans, Paxi &eacute;tudie ce dont nous avons besoin pour vivre sur la Lune.\n<\/p>\n<p><b>German<\/b> Paxi erkundet den Mond!<br \/>Seid mit dabei, wenn Paxi zum Mond reist. In diesem Video f&uuml;r Kinder zwischen 6 und 12 Jahren erforscht Paxi, was der Mensch auf dem Mond zum &Uuml;berleben braucht.\n<\/p>\n<p><b>Italian<\/b> Paxi esplora la Luna!<br \/>Accompagna Paxi nel suo viaggio verso la Luna. In questo video, pensato per bambini di et&agrave; da 6 a 12 anni, Paxi esamina cosa servir&agrave; agli esseri umani per vivere sulla Luna.\n<\/p>\n<p><b>Spanish<\/b> &iexcl;Paxi explora la Luna!<br \/>Acompa&ntilde;a a Paxi en un viaje a la Luna. En este v&iacute;deo, dirigido a ni&ntilde;os de entre 6 y 12 a&ntilde;os, Paxi investiga qu&eacute; necesitar&iacute;an los seres humanos para vivir en la Luna.\n<\/p>\n<p><b>Portuguese<\/b> Paxi explora a Lua!<br \/>Junta-te ao Paxi numa viagem &agrave; Lua. Neste v&iacute;deo, destinado a crian&ccedil;as dos 6 aos 12 anos de idade, o Paxi explora o que os seres humanos precisam para poderem viver na Lua.\n<\/p>\n<p><b>Danish<\/b> Paxi udforsker M&aring;nen!<br \/>Tag til M&aring;nen med Paxi. I denne video, som er beregnet til b&oslash;rn mellem 6 og 12 &aring;r, unders&oslash;ger Paxi, hvad mennesker skal bruge for at kunne leve p&aring; M&aring;nen.\n<\/p>\n<p><b>Dutch<\/b> Paxi gaat op ontdekkingsreis naar de maan!<br \/>Ga je mee met Paxi naar de maan? In deze video, bestemd voor kinderen van 6 &#8211; 12 jaar, onderzoekt Paxi wat mensen nodig hebben om op de maan te leven.\n<\/p>\n<p><b>Swedish<\/b> Paxi utforskar m&aring;nen!<br \/>F&ouml;lj med Paxi p&aring; en resa till m&aring;nen. I den h&auml;r videon, f&ouml;r barn fr&aring;n 6 till 12 &aring;r, utforskar Paxi vad vi m&auml;nniskor beh&ouml;ver f&ouml;r att leva p&aring; m&aring;nen.\n<\/p>\n<p><b>Norwegian<\/b> Paxi utforsker m&aring;nen!<br \/>Bli med Paxi p&aring; en tur til m&aring;nen. I denne videoen, som er beregnet p&aring; barn mellom 6&ndash;12 &aring;r, ser Paxi n&aelig;rmere p&aring; hva menneskene trenger for &aring; kunne leve p&aring; m&aring;nen.\n<\/p>\n<p><b>Polish<\/b> Paxi bada Ksi&#281;&#380;yc!<br \/>Wybierz si&#281; razem z Paxim na wycieczk&#281; na Ksi&#281;&#380;yc. W tym filmie, przeznaczonym dla dzieci w wieku od 6 do 12 lat, Paxi bada, czego ludzie potrzebuj&#261;, aby &#380;y&#263; na Ksi&#281;&#380;ycu.\n<\/p>\n<p><b>Czech<\/b> Paxi prozkoum&aacute;v&aacute; M&#283;s&iacute;c!<br \/>P&#345;idejte se k Paximu na jeho cest&#283; na M&#283;s&iacute;c. V tomto videu, ur&#269;en&eacute;m pro d&#283;ti mezi 6 a 12 lety, Paxi zji&scaron;&#357;uje, co lid&eacute; pot&#345;ebuj&iacute; k &#382;ivotu na M&#283;s&iacute;ci.\n<\/p>\n<p><b>Finnish<\/b> Paxi tutustuu Kuuhun!<br \/>L&auml;hde Paxin mukaan kuumatkalle. T&auml;ss&auml; 6&ndash;12-vuotiaille tarkoitetussa videossa Paxi selvitt&auml;&auml;, mit&auml; ihmiset tarvitsevat asuakseen Kuussa.\n<\/p>\n<p><b>Romanian<\/b> Paxi exploreaz&#259; luna!<br \/>Al&#259;tura&#539;i-v&#259; lui Paxi &icirc;ntr-o excursie pe lun&#259;. &Icirc;n acest videoclip, destinat copiilor cu v&acirc;rste cuprinse &icirc;ntre 6 &#537;i 12 ani, Paxi exploreaz&#259; cele necesare oamenilor ca s&#259; tr&#259;iasc&#259; pe lun&#259;.<\/p>\n","protected":false},"author":5,"featured_media":615444,"comment_status":"closed","ping_status":"open","sticky":false,"template":"","format":"standard","meta":{"footnotes":""},"categories":[27],"tags":[],"class_list":["post-582513","post","type-post","status-publish","format-standard","has-post-thumbnail","hentry","category-multimedia"],"_links":{"self":[{"href":"https:\/\/spaceweekly.com\/index.php?rest_route=\/wp\/v2\/posts\/582513","targetHints":{"allow":["GET"]}}],"collection":[{"href":"https:\/\/spaceweekly.com\/index.php?rest_route=\/wp\/v2\/posts"}],"about":[{"href":"https:\/\/spaceweekly.com\/index.php?rest_route=\/wp\/v2\/types\/post"}],"author":[{"embeddable":true,"href":"https:\/\/spaceweekly.com\/index.php?rest_route=\/wp\/v2\/users\/5"}],"replies":[{"embeddable":true,"href":"https:\/\/spaceweekly.com\/index.php?rest_route=%2Fwp%2Fv2%2Fcomments&post=582513"}],"version-history":[{"count":1,"href":"https:\/\/spaceweekly.com\/index.php?rest_route=\/wp\/v2\/posts\/582513\/revisions"}],"predecessor-version":[{"id":582514,"href":"https:\/\/spaceweekly.com\/index.php?rest_route=\/wp\/v2\/posts\/582513\/revisions\/582514"}],"wp:featuredmedia":[{"embeddable":true,"href":"https:\/\/spaceweekly.com\/index.php?rest_route=\/wp\/v2\/media\/615444"}],"wp:attachment":[{"href":"https:\/\/spaceweekly.com\/index.php?rest_route=%2Fwp%2Fv2%2Fmedia&parent=582513"}],"wp:term":[{"taxonomy":"category","embeddable":true,"href":"https:\/\/spaceweekly.com\/index.php?rest_route=%2Fwp%2Fv2%2Fcategories&post=582513"},{"taxonomy":"post_tag","embeddable":true,"href":"https:\/\/spaceweekly.com\/index.php?rest_route=%2Fwp%2Fv2%2Ftags&post=582513"}],"curies":[{"name":"wp","href":"https:\/\/api.w.org\/{rel}","templated":true}]}}