{"id":659268,"date":"2020-06-26T06:00:00","date_gmt":"2020-06-26T10:00:00","guid":{"rendered":"http:\/\/spaceweekly.com\/?p=659268"},"modified":"2020-06-26T06:00:00","modified_gmt":"2020-06-26T10:00:00","slug":"esa-asteroid-day-programme-spanish","status":"publish","type":"post","link":"https:\/\/spaceweekly.com\/?p=659268","title":{"rendered":"ESA Asteroid Day Programme &#8211; Spanish"},"content":{"rendered":"<p><img decoding=\"async\" src=\"http:\/\/spaceweekly.com\/wp-content\/uploads\/2020\/06\/ESA_Asteroid_Day_Programme_-_Spanish_card_full.jpg\" \/><\/p>\n<p>Latest news and updates from the European Space Agency and hosted by Mariella Graziano, one of Europe\u2019s active STEM outreach communicators and Director of Space Systems and Robotics department at Spanish company GMV, now deeply involved helping develop ESA\u2019s Hera planetary defence mission. Guests will include scientists, astronomers and experts working to understand the fascinating science of asteroids and meteorites and the potential risks from asteroids that orbit near Earth (at European level and the Spanish contribution). Special programme segment may include astronauts explaining why we need to be aware of asteroid hazards towards our blue planet.<\/p>\n<p>Guest speakers:<\/p>\n<ul>\n<li><a href=\"https:\/\/www.researchgate.net\/profile\/Jesus_Gil-Fernandez\" target=\"_blank\" rel=\"nofollow noopener noreferrer\">Jes\u00fas Gil<\/a>, ESA responsible for the Guidance, Navigation and Control system of the planetary defence mission HERA.\u00a0<\/li>\n<li><a href=\"https:\/\/www.imo.net\/members\/imo_user\/profile\/?user_id=12005\" target=\"_blank\" rel=\"nofollow noopener noreferrer\">Julia Mar\u00edn-Yaseli de la Parra<\/a>, scientific operations engineer and astrophysicist at Aurora Technology BV for ESA.<\/li>\n<li>Daniel Mar\u00edn, astrophysicist and science communicator (Naukas). <a href=\"https:\/\/danielmarin.naukas.com\/\" target=\"_blank\" rel=\"nofollow noopener noreferrer\">https:\/\/danielmarin.naukas.com\/<\/a> <a href=\"https:\/\/twitter.com\/Eurekablog\" target=\"_blank\" rel=\"nofollow noopener noreferrer\">https:\/\/twitter.com\/Eurekablog<\/a><\/li>\n<li>Jos\u00e9 Mar\u00eda Madiedo, researcher at the Instituto de Astrof\u00edsica de Andaluc\u00eda (IAA), expert in meteoroids and their impacts on the Earth and the Moon. @jmmadiedo<\/li>\n<li><a href=\"https:\/\/www.iau.org\/administration\/membership\/individual\/13582\/\" target=\"_blank\" rel=\"nofollow noopener noreferrer\">Javier Licandro<\/a>, coordinator of the research area at the Instituto de Astrof\u00edsica de Canarias (IAC), expert in the study of the physical properties of minor bodies in the Solar System.\u00a0<\/li>\n<li>Juan Luis Cano, Elecnor Infrastrutture e Aerospaziale S.R.L,. (Italy) at ESA&#8217;s Near-Earth Objects Coordination Centre (NEOCC).<\/li>\n<\/ul>\n<p><a href=\"https:\/\/www.esa.int\/ESA_Multimedia\/Sets\/ESA_Asteroid_Day_Programme_2020\/(result_type)\/videos\" target=\"_blank\" rel=\"nofollow noopener noreferrer\">Access the ESA Asteroid Day Programme in other languages<\/a><\/p>\n<p>&#013;<br \/>\n&#013;<br \/>\n&#013;<br \/>\n Click here for original story, <a href=\"http:\/\/www.esa.int\/ESA_Multimedia\/Videos\/2020\/06\/ESA_Asteroid_Day_Programme_-_Spanish\" target=\"_blank\" rel=\"nofollow noopener noreferrer\">ESA Asteroid Day Programme &#8211; Spanish<\/a>&#013;<br \/>\n&#013;<br \/>\n&#013;<br \/>\nSource: ESA Top Multimedia&#013;<\/p>\n","protected":false},"excerpt":{"rendered":"<p>Latest news and updates from the European Space Agency and hosted by Mariella Graziano, one of Europe\u2019s active STEM outreach communicators and Director of Space Systems and Robotics department at&hellip; <\/p>\n","protected":false},"author":1,"featured_media":659269,"comment_status":"false","ping_status":"open","sticky":false,"template":"","format":"standard","meta":{"footnotes":""},"categories":[27],"tags":[],"class_list":["post-659268","post","type-post","status-publish","format-standard","has-post-thumbnail","hentry","category-multimedia"],"_links":{"self":[{"href":"https:\/\/spaceweekly.com\/index.php?rest_route=\/wp\/v2\/posts\/659268","targetHints":{"allow":["GET"]}}],"collection":[{"href":"https:\/\/spaceweekly.com\/index.php?rest_route=\/wp\/v2\/posts"}],"about":[{"href":"https:\/\/spaceweekly.com\/index.php?rest_route=\/wp\/v2\/types\/post"}],"author":[{"embeddable":true,"href":"https:\/\/spaceweekly.com\/index.php?rest_route=\/wp\/v2\/users\/1"}],"replies":[{"embeddable":true,"href":"https:\/\/spaceweekly.com\/index.php?rest_route=%2Fwp%2Fv2%2Fcomments&post=659268"}],"version-history":[{"count":0,"href":"https:\/\/spaceweekly.com\/index.php?rest_route=\/wp\/v2\/posts\/659268\/revisions"}],"wp:featuredmedia":[{"embeddable":true,"href":"https:\/\/spaceweekly.com\/index.php?rest_route=\/wp\/v2\/media\/659269"}],"wp:attachment":[{"href":"https:\/\/spaceweekly.com\/index.php?rest_route=%2Fwp%2Fv2%2Fmedia&parent=659268"}],"wp:term":[{"taxonomy":"category","embeddable":true,"href":"https:\/\/spaceweekly.com\/index.php?rest_route=%2Fwp%2Fv2%2Fcategories&post=659268"},{"taxonomy":"post_tag","embeddable":true,"href":"https:\/\/spaceweekly.com\/index.php?rest_route=%2Fwp%2Fv2%2Ftags&post=659268"}],"curies":[{"name":"wp","href":"https:\/\/api.w.org\/{rel}","templated":true}]}}