{"id":662922,"date":"2020-08-04T10:00:02","date_gmt":"2020-08-04T14:00:02","guid":{"rendered":"http:\/\/spaceweekly.com\/?p=662922"},"modified":"2020-08-04T10:00:02","modified_gmt":"2020-08-04T14:00:02","slug":"icelands-most-active-volcano-is-likely-headed-for-another-eruption","status":"publish","type":"post","link":"https:\/\/spaceweekly.com\/?p=662922","title":{"rendered":"Iceland&#039;s most active volcano is likely headed for another eruption"},"content":{"rendered":"<p>Glacial volcanoes sound like an oxymoron. But Iceland&#8217;s Vatnaj\u00f6kull ice cap, Europe&#8217;s largest by volume, covers many active volcanoes, including the country&#8217;s most frequently erupting one, Gr\u00edmsv\u00f6tn. Nine years after its last eruption in 2011, which closed Icelandic airspace, Gr\u00edmsv\u00f6tn appears poised for yet another, according to the Icelandic Meteorological Office&#8217;s (IMO).&#013;<br \/>\n&#013;<br \/>\n&#013;<br \/>\n Click here for original story, <a href=\"https:\/\/phys.org\/news\/2020-08-iceland-volcano-eruption.html\" target=\"_blank\" rel=\"nofollow noopener noreferrer\">Iceland&#8217;s most active volcano is likely headed for another eruption<\/a>&#013;<br \/>\n&#013;<br \/>\n&#013;<br \/>\nSource: Phys.org&#013;<\/p>\n","protected":false},"excerpt":{"rendered":"<p>Glacial volcanoes sound like an oxymoron. But Iceland&#8217;s Vatnaj\u00f6kull ice cap, Europe&#8217;s largest by volume, covers many active volcanoes, including the country&#8217;s most frequently erupting one, Gr\u00edmsv\u00f6tn. Nine years after&hellip; <\/p>\n","protected":false},"author":1,"featured_media":615444,"comment_status":"false","ping_status":"open","sticky":false,"template":"","format":"standard","meta":{"footnotes":""},"categories":[41],"tags":[],"class_list":["post-662922","post","type-post","status-publish","format-standard","has-post-thumbnail","hentry","category-phys-org"],"_links":{"self":[{"href":"https:\/\/spaceweekly.com\/index.php?rest_route=\/wp\/v2\/posts\/662922","targetHints":{"allow":["GET"]}}],"collection":[{"href":"https:\/\/spaceweekly.com\/index.php?rest_route=\/wp\/v2\/posts"}],"about":[{"href":"https:\/\/spaceweekly.com\/index.php?rest_route=\/wp\/v2\/types\/post"}],"author":[{"embeddable":true,"href":"https:\/\/spaceweekly.com\/index.php?rest_route=\/wp\/v2\/users\/1"}],"replies":[{"embeddable":true,"href":"https:\/\/spaceweekly.com\/index.php?rest_route=%2Fwp%2Fv2%2Fcomments&post=662922"}],"version-history":[{"count":0,"href":"https:\/\/spaceweekly.com\/index.php?rest_route=\/wp\/v2\/posts\/662922\/revisions"}],"wp:featuredmedia":[{"embeddable":true,"href":"https:\/\/spaceweekly.com\/index.php?rest_route=\/wp\/v2\/media\/615444"}],"wp:attachment":[{"href":"https:\/\/spaceweekly.com\/index.php?rest_route=%2Fwp%2Fv2%2Fmedia&parent=662922"}],"wp:term":[{"taxonomy":"category","embeddable":true,"href":"https:\/\/spaceweekly.com\/index.php?rest_route=%2Fwp%2Fv2%2Fcategories&post=662922"},{"taxonomy":"post_tag","embeddable":true,"href":"https:\/\/spaceweekly.com\/index.php?rest_route=%2Fwp%2Fv2%2Ftags&post=662922"}],"curies":[{"name":"wp","href":"https:\/\/api.w.org\/{rel}","templated":true}]}}