{"id":681258,"date":"2021-02-16T11:30:00","date_gmt":"2021-02-16T15:30:00","guid":{"rendered":"http:\/\/spaceweekly.com\/?p=681258"},"modified":"2021-02-16T11:30:00","modified_gmt":"2021-02-16T15:30:00","slug":"la-esa-busca-nuevos-astronautas","status":"publish","type":"post","link":"https:\/\/spaceweekly.com\/?p=681258","title":{"rendered":"La ESA busca nuevos astronautas"},"content":{"rendered":"<p><img decoding=\"async\" src=\"http:\/\/spaceweekly.com\/wp-content\/uploads\/2021\/02\/La_ESA_busca_nuevos_astronautas_card_full.jpg\" \/><\/p>\n<p>Por primera vez en 11 a\u00f1os, la ESA busca nuevos astronautas que trabajar\u00e1n junto a los astronautas de la ESA en activo mientras Europa se adentra en una nueva era de exploraci\u00f3n espacial.<\/p>\n<p>La conferencia en espa\u00f1ol contar\u00e1 con los siguientes participantes: Matthias Maurer, astronauta de la ESA, Oficina de Planificaci\u00f3n y Coordinaci\u00f3n Fabio Favata, responsable de Estrategia, m\u00e9dico aeroespacial s\u00e9nior Sergi Vaquer Araujo, responsable de la Unidad de Seguridad Social y Pol\u00edticas Relacionadas Rosario Mart\u00edn S\u00e1nchez.<\/p>\n<p>&#013;<br \/>\n&#013;<br \/>\n&#013;<br \/>\n Click here for original story, <a href=\"https:\/\/www.esa.int\/ESA_Multimedia\/Videos\/2021\/02\/La_ESA_busca_nuevos_astronautas\" target=\"_blank\" rel=\"nofollow noopener noreferrer\">La ESA busca nuevos astronautas<\/a>&#013;<br \/>\n&#013;<br \/>\n&#013;<br \/>\nSource: ESA Top Multimedia&#013;<\/p>\n","protected":false},"excerpt":{"rendered":"<p>Por primera vez en 11 a\u00f1os, la ESA busca nuevos astronautas que trabajar\u00e1n junto a los astronautas de la ESA en activo mientras Europa se adentra en una nueva era&hellip; <\/p>\n","protected":false},"author":1,"featured_media":681259,"comment_status":"false","ping_status":"open","sticky":false,"template":"","format":"standard","meta":{"footnotes":""},"categories":[27],"tags":[],"class_list":["post-681258","post","type-post","status-publish","format-standard","has-post-thumbnail","hentry","category-multimedia"],"_links":{"self":[{"href":"https:\/\/spaceweekly.com\/index.php?rest_route=\/wp\/v2\/posts\/681258","targetHints":{"allow":["GET"]}}],"collection":[{"href":"https:\/\/spaceweekly.com\/index.php?rest_route=\/wp\/v2\/posts"}],"about":[{"href":"https:\/\/spaceweekly.com\/index.php?rest_route=\/wp\/v2\/types\/post"}],"author":[{"embeddable":true,"href":"https:\/\/spaceweekly.com\/index.php?rest_route=\/wp\/v2\/users\/1"}],"replies":[{"embeddable":true,"href":"https:\/\/spaceweekly.com\/index.php?rest_route=%2Fwp%2Fv2%2Fcomments&post=681258"}],"version-history":[{"count":0,"href":"https:\/\/spaceweekly.com\/index.php?rest_route=\/wp\/v2\/posts\/681258\/revisions"}],"wp:featuredmedia":[{"embeddable":true,"href":"https:\/\/spaceweekly.com\/index.php?rest_route=\/wp\/v2\/media\/681259"}],"wp:attachment":[{"href":"https:\/\/spaceweekly.com\/index.php?rest_route=%2Fwp%2Fv2%2Fmedia&parent=681258"}],"wp:term":[{"taxonomy":"category","embeddable":true,"href":"https:\/\/spaceweekly.com\/index.php?rest_route=%2Fwp%2Fv2%2Fcategories&post=681258"},{"taxonomy":"post_tag","embeddable":true,"href":"https:\/\/spaceweekly.com\/index.php?rest_route=%2Fwp%2Fv2%2Ftags&post=681258"}],"curies":[{"name":"wp","href":"https:\/\/api.w.org\/{rel}","templated":true}]}}