{"id":681264,"date":"2021-02-16T11:30:00","date_gmt":"2021-02-16T15:30:00","guid":{"rendered":"http:\/\/spaceweekly.com\/?p=681264"},"modified":"2021-02-16T11:30:00","modified_gmt":"2021-02-16T15:30:00","slug":"esa-sucht-neue-astronautinnen-und-astronauten","status":"publish","type":"post","link":"https:\/\/spaceweekly.com\/?p=681264","title":{"rendered":"ESA sucht neue Astronautinnen und Astronauten"},"content":{"rendered":"<p><img decoding=\"async\" src=\"http:\/\/spaceweekly.com\/wp-content\/uploads\/2021\/02\/ESA_sucht_neue_Astronautinnen_und_Astronauten_card_full.jpg\" \/><\/p>\n<p>Zum ersten Mal seit 11 Jahren sucht die ESA neue Astronautinnen und Astronauten, um Seite an Seite mit den bisherigen ESA-Astronauten zu arbeiten, wenn f\u00fcr Europa eine neue \u00c4ra der Weltraumforschung anbricht.<\/p>\n<p>Unter den Teilnehmern sind: zuk\u00fcnftiger ESA-Generaldirektor Josef Aschbacher, ESA-Astronautin Samantha Cristoforetti, ESA-Astronaut Alexander Gerst, Leiterin der Abteilung f\u00fcr Politik- und Programmkoordinierung Chiara Manfletti, Teamleiter Weltraumtraining R\u00fcdiger Seine, Leiterin Zentrum f\u00fcr Personalkompetenz &amp; -politik Dagmar Boos.<\/p>\n<p>&#013;<br \/>\n&#013;<br \/>\n&#013;<br \/>\n Click here for original story, <a href=\"https:\/\/www.esa.int\/ESA_Multimedia\/Videos\/2021\/02\/ESA_sucht_neue_Astronautinnen_und_Astronauten\" target=\"_blank\" rel=\"nofollow noopener noreferrer\">ESA sucht neue Astronautinnen und Astronauten<\/a>&#013;<br \/>\n&#013;<br \/>\n&#013;<br \/>\nSource: ESA Top Multimedia&#013;<\/p>\n","protected":false},"excerpt":{"rendered":"<p>Zum ersten Mal seit 11 Jahren sucht die ESA neue Astronautinnen und Astronauten, um Seite an Seite mit den bisherigen ESA-Astronauten zu arbeiten, wenn f\u00fcr Europa eine neue \u00c4ra der&hellip; <\/p>\n","protected":false},"author":1,"featured_media":681265,"comment_status":"false","ping_status":"open","sticky":false,"template":"","format":"standard","meta":{"footnotes":""},"categories":[27],"tags":[],"class_list":["post-681264","post","type-post","status-publish","format-standard","has-post-thumbnail","hentry","category-multimedia"],"_links":{"self":[{"href":"https:\/\/spaceweekly.com\/index.php?rest_route=\/wp\/v2\/posts\/681264","targetHints":{"allow":["GET"]}}],"collection":[{"href":"https:\/\/spaceweekly.com\/index.php?rest_route=\/wp\/v2\/posts"}],"about":[{"href":"https:\/\/spaceweekly.com\/index.php?rest_route=\/wp\/v2\/types\/post"}],"author":[{"embeddable":true,"href":"https:\/\/spaceweekly.com\/index.php?rest_route=\/wp\/v2\/users\/1"}],"replies":[{"embeddable":true,"href":"https:\/\/spaceweekly.com\/index.php?rest_route=%2Fwp%2Fv2%2Fcomments&post=681264"}],"version-history":[{"count":0,"href":"https:\/\/spaceweekly.com\/index.php?rest_route=\/wp\/v2\/posts\/681264\/revisions"}],"wp:featuredmedia":[{"embeddable":true,"href":"https:\/\/spaceweekly.com\/index.php?rest_route=\/wp\/v2\/media\/681265"}],"wp:attachment":[{"href":"https:\/\/spaceweekly.com\/index.php?rest_route=%2Fwp%2Fv2%2Fmedia&parent=681264"}],"wp:term":[{"taxonomy":"category","embeddable":true,"href":"https:\/\/spaceweekly.com\/index.php?rest_route=%2Fwp%2Fv2%2Fcategories&post=681264"},{"taxonomy":"post_tag","embeddable":true,"href":"https:\/\/spaceweekly.com\/index.php?rest_route=%2Fwp%2Fv2%2Ftags&post=681264"}],"curies":[{"name":"wp","href":"https:\/\/api.w.org\/{rel}","templated":true}]}}