{"id":800358,"date":"2026-01-27T14:51:32","date_gmt":"2026-01-27T19:51:32","guid":{"rendered":"https:\/\/spaceweekly.com\/?p=800358"},"modified":"2026-01-27T14:51:32","modified_gmt":"2026-01-27T19:51:32","slug":"slawosz-uznanski-wisniewski-speaks-at-the-european-space-conference","status":"publish","type":"post","link":"https:\/\/spaceweekly.com\/?p=800358","title":{"rendered":"S\u0142awosz Uzna\u0144ski-Wi\u015bniewski speaks at the European Space Conference"},"content":{"rendered":"<p> <br \/>\n<br \/><br \/>\n\t\t\t\tS\u0142awosz Uzna\u0144ski-Wi\u015bniewski, member of ESA&#8217;s astronaut reserve discusses his Ignis mission at the European Space Conference.<br \/>\n<br \/><br \/>\n<br \/><a href=\"https:\/\/www.esa.int\/ESA_Multimedia\/Images\/2026\/01\/Slawosz_Uznanski-Wisniewski_speaks_at_the_European_Space_Conference?rand=772187\">Source link <\/a><\/p>\n","protected":false},"excerpt":{"rendered":"<p>S\u0142awosz Uzna\u0144ski-Wi\u015bniewski, member of ESA&#8217;s astronaut reserve discusses his Ignis mission at the European Space Conference. Source link<\/p>\n","protected":false},"author":1,"featured_media":800359,"comment_status":"closed","ping_status":"open","sticky":false,"template":"","format":"standard","meta":{"footnotes":""},"categories":[27],"tags":[],"class_list":["post-800358","post","type-post","status-publish","format-standard","has-post-thumbnail","hentry","category-multimedia"],"_links":{"self":[{"href":"https:\/\/spaceweekly.com\/index.php?rest_route=\/wp\/v2\/posts\/800358","targetHints":{"allow":["GET"]}}],"collection":[{"href":"https:\/\/spaceweekly.com\/index.php?rest_route=\/wp\/v2\/posts"}],"about":[{"href":"https:\/\/spaceweekly.com\/index.php?rest_route=\/wp\/v2\/types\/post"}],"author":[{"embeddable":true,"href":"https:\/\/spaceweekly.com\/index.php?rest_route=\/wp\/v2\/users\/1"}],"replies":[{"embeddable":true,"href":"https:\/\/spaceweekly.com\/index.php?rest_route=%2Fwp%2Fv2%2Fcomments&post=800358"}],"version-history":[{"count":0,"href":"https:\/\/spaceweekly.com\/index.php?rest_route=\/wp\/v2\/posts\/800358\/revisions"}],"wp:featuredmedia":[{"embeddable":true,"href":"https:\/\/spaceweekly.com\/index.php?rest_route=\/wp\/v2\/media\/800359"}],"wp:attachment":[{"href":"https:\/\/spaceweekly.com\/index.php?rest_route=%2Fwp%2Fv2%2Fmedia&parent=800358"}],"wp:term":[{"taxonomy":"category","embeddable":true,"href":"https:\/\/spaceweekly.com\/index.php?rest_route=%2Fwp%2Fv2%2Fcategories&post=800358"},{"taxonomy":"post_tag","embeddable":true,"href":"https:\/\/spaceweekly.com\/index.php?rest_route=%2Fwp%2Fv2%2Ftags&post=800358"}],"curies":[{"name":"wp","href":"https:\/\/api.w.org\/{rel}","templated":true}]}}